{"id":9812,"date":"2020-12-22T12:07:14","date_gmt":"2020-12-22T11:07:14","guid":{"rendered":"https:\/\/www.cibx.de\/?p=9812"},"modified":"2020-12-22T12:07:14","modified_gmt":"2020-12-22T11:07:14","slug":"weihnachten-mit-demenzkranken-feiern","status":"publish","type":"post","link":"https:\/\/cibx.de\/en\/weihnachten-mit-demenzkranken-feiern\/","title":{"rendered":"Weihnachten mit Demenzkranken feiern"},"content":{"rendered":"<p>Lichter, Musik, traditionelle Gerichte und Familienbesuche \u2013 f\u00fcr die Mehrheit der Menschen ist Weihnachten ein friedliches Fest, das mit vielen Erinnerungen und positiven Gef\u00fchlen verbunden ist. Auch f\u00fcr Menschen mit Demenz ist das Weihnachtsfest sehr wertvoll. Zum einen funktioniert das Langzeitged\u00e4chtnis am besten, zum anderen sprechen die Feierlichkeiten sie sowie uns alle auf der Gef\u00fchlsebene an.<\/p>\n\n\n\n<h4 class=\"wp-block-heading\">Gemeinsame Rituale zelebrieren und in die Weihnachtsvorbereitung einbeziehen<\/h4>\n\n\n\n<p>Gerade das Weihnachten mit seinen alten Traditionen und Ritualen kann Menschen mit Demenz Orientierung, Halt und Hoffnung geben. Gestalten Sie die Advents- und Weihnachtszeit f\u00fcr sie mit vielen Aktivit\u00e4ten, wie gemeinsam Pl\u00e4tzchen backen oder einen Adventskranz basteln. Weihnachten l\u00f6st bei vielen Demenzerkrankten angenehme Erinnerungen und Gef\u00fchle aus, auch wenn sie diese m\u00f6glicherweise nicht ausdr\u00fccken k\u00f6nnen. Solche besonderen Momente k\u00f6nnen f\u00fcr die betroffenen Personen ein hohes Ma\u00df an Lebensfreude vermitteln.<\/p>\n\n\n\n<p>Beziehen Sie Ihren Angeh\u00f6rigen so weit wie m\u00f6glich in die Festvorbereitung ein. Nutzen Sie die Adventszeit, um eine ruhige und besinnliche Zeit zu erleben, und g\u00f6nnen Sie sich eine fr\u00f6hliche Weihnachtszeit, wie in alten Zeiten. Entz\u00fcnden Sie gemeinsam die Adventskerzen, lesen Ihrem Angeh\u00f6rigen Advents- und Weihnachtsgeschichten vor, singen Sie zusammen Adventslieder und schm\u00fccken den Weihnachtsbaum.<\/p>\n\n\n\n<h4 class=\"wp-block-heading\">Nicht \u00fcberfordern<\/h4>\n\n\n\n<p>Seien Sie vorsichtig und vermeiden Sie Reiz\u00fcberflutung bei Ihrem demenzerkrankten Angeh\u00f6rigen. Wenn ein gro\u00dfes, gemeinsames Familienfest zu Beginn einer demenziellen Erkrankung noch Freude bereitet, kann es den Betroffenen in einem fortgeschrittenen Demenz-Stadium sogar \u00fcberfordern. Feiern Sie in einem kleinen und vertrauten Kreis mit einem \u00fcberschaubaren Programm und ohne L\u00e4rm und Ablenkung. Alles, was den Demenzkranken entspannt, fr\u00f6hlich macht und kleine Erfolgserlebnisse beschert, ist sinnvoll.<\/p>\n\n\n\n<h4 class=\"wp-block-heading\">Weihnachtsgeschenke<\/h4>\n\n\n\n<p>Die Weihnachtsgeschenke sollten an das jeweilige Demenz-Stadium angepasst sein. Besonders geeignet daf\u00fcr sind Dinge, die die Sinne der Betroffenen anregen oder mit einem positiven Gef\u00fchl verbunden sind, wie z.B. Fotos von Familienmitglieder, ein Lieblingsparf\u00fcm oder ein Bildband von dem Ort, wo diese Person aufgewachsen ist. Bei fortgeschrittener Krankheit bieten sich Geschenke an, die den Tast- und Ber\u00fchrungssinn ansprechen, z. B. eine Kuscheldecke, ein Massageball oder ein Stofftier.<\/p>\n\n\n\n<h4 class=\"wp-block-heading\">Weihnachten in Pflegeheimen zu Corona-Zeiten<\/h4>\n\n\n\n<p>Mit einem Demenzkranken Weihnachten zu feiern, ist eine gro\u00dfe Herausforderung, insbesondere in Zeiten der Pandemie. Weihnachten 2020 wird kein Fest wie jedes andere sein, da es unter Corona-Bedingungen stattfindet. Besonders stark leiden unter der aktuellen Situation Demenzbetroffene in Pflegeheimen. F\u00fcr sie bleibt der Wunsch, an Weihnachten ihre Liebsten zu sehen, mit ihnen zu reden und zu lachen, leider unerf\u00fcllt. Trotz Besuchsverbot erm\u00f6glichen viele Pflegeheime ihren Bewohnern Videoanrufe, um mit ihren Verwandten verbunden zu bleiben. Im Gegensatz zum normalen Telefonieren tragen Videoanrufe zur emotionalen Gesundheit bei und erm\u00f6glichen Sozialkontakte zu halten und mit Angeh\u00f6rigen in Kontakt zu bleiben.<\/p>","protected":false},"excerpt":{"rendered":"<p>Lichter, Musik, traditionelle Gerichte und Familienbesuche \u2013 f\u00fcr die Mehrheit der Menschen ist Weihnachten ein friedliches Fest, das mit vielen Erinnerungen und positiven Gef\u00fchlen verbunden ist. Auch f\u00fcr Menschen mit Demenz ist das Weihnachtsfest sehr wertvoll. Zum einen funktioniert das Langzeitged\u00e4chtnis am besten, zum anderen sprechen die Feierlichkeiten sie sowie uns alle auf der Gef\u00fchlsebene [&hellip;]<\/p>\n","protected":false},"author":8,"featured_media":9813,"comment_status":"open","ping_status":"open","sticky":false,"template":"","format":"standard","meta":{"site-sidebar-layout":"default","site-content-layout":"","ast-site-content-layout":"default","site-content-style":"default","site-sidebar-style":"default","ast-global-header-display":"","ast-banner-title-visibility":"","ast-main-header-display":"","ast-hfb-above-header-display":"","ast-hfb-below-header-display":"","ast-hfb-mobile-header-display":"","site-post-title":"","ast-breadcrumbs-content":"","ast-featured-img":"","footer-sml-layout":"","ast-disable-related-posts":"","theme-transparent-header-meta":"","adv-header-id-meta":"","stick-header-meta":"","header-above-stick-meta":"","header-main-stick-meta":"","header-below-stick-meta":"","astra-migrate-meta-layouts":"default","ast-page-background-enabled":"default","ast-page-background-meta":{"desktop":{"background-color":"var(--ast-global-color-4)","background-image":"","background-repeat":"repeat","background-position":"center center","background-size":"auto","background-attachment":"scroll","background-type":"","background-media":"","overlay-type":"","overlay-color":"","overlay-opacity":"","overlay-gradient":""},"tablet":{"background-color":"","background-image":"","background-repeat":"repeat","background-position":"center center","background-size":"auto","background-attachment":"scroll","background-type":"","background-media":"","overlay-type":"","overlay-color":"","overlay-opacity":"","overlay-gradient":""},"mobile":{"background-color":"","background-image":"","background-repeat":"repeat","background-position":"center center","background-size":"auto","background-attachment":"scroll","background-type":"","background-media":"","overlay-type":"","overlay-color":"","overlay-opacity":"","overlay-gradient":""}},"ast-content-background-meta":{"desktop":{"background-color":"var(--ast-global-color-5)","background-image":"","background-repeat":"repeat","background-position":"center center","background-size":"auto","background-attachment":"scroll","background-type":"","background-media":"","overlay-type":"","overlay-color":"","overlay-opacity":"","overlay-gradient":""},"tablet":{"background-color":"var(--ast-global-color-5)","background-image":"","background-repeat":"repeat","background-position":"center center","background-size":"auto","background-attachment":"scroll","background-type":"","background-media":"","overlay-type":"","overlay-color":"","overlay-opacity":"","overlay-gradient":""},"mobile":{"background-color":"var(--ast-global-color-5)","background-image":"","background-repeat":"repeat","background-position":"center center","background-size":"auto","background-attachment":"scroll","background-type":"","background-media":"","overlay-type":"","overlay-color":"","overlay-opacity":"","overlay-gradient":""}},"_themeisle_gutenberg_block_has_review":false,"footnotes":""},"categories":[6],"tags":[108,122,369,476,383,370,32,515,516,404,517,180,518,181],"class_list":["post-9812","post","type-post","status-publish","format-standard","has-post-thumbnail","hentry","category-blog","tag-alzheimer","tag-angehoerige","tag-corona","tag-corona-zeit","tag-coronakrise","tag-coronavirus","tag-demenz","tag-demenzkranke","tag-feier","tag-pandemie","tag-pflegeheim","tag-weihnachten","tag-weihnachtsfest","tag-weihnachtszeit"],"_links":{"self":[{"href":"https:\/\/cibx.de\/en\/wp-json\/wp\/v2\/posts\/9812","targetHints":{"allow":["GET"]}}],"collection":[{"href":"https:\/\/cibx.de\/en\/wp-json\/wp\/v2\/posts"}],"about":[{"href":"https:\/\/cibx.de\/en\/wp-json\/wp\/v2\/types\/post"}],"author":[{"embeddable":true,"href":"https:\/\/cibx.de\/en\/wp-json\/wp\/v2\/users\/8"}],"replies":[{"embeddable":true,"href":"https:\/\/cibx.de\/en\/wp-json\/wp\/v2\/comments?post=9812"}],"version-history":[{"count":0,"href":"https:\/\/cibx.de\/en\/wp-json\/wp\/v2\/posts\/9812\/revisions"}],"wp:featuredmedia":[{"embeddable":true,"href":"https:\/\/cibx.de\/en\/wp-json\/"}],"wp:attachment":[{"href":"https:\/\/cibx.de\/en\/wp-json\/wp\/v2\/media?parent=9812"}],"wp:term":[{"taxonomy":"category","embeddable":true,"href":"https:\/\/cibx.de\/en\/wp-json\/wp\/v2\/categories?post=9812"},{"taxonomy":"post_tag","embeddable":true,"href":"https:\/\/cibx.de\/en\/wp-json\/wp\/v2\/tags?post=9812"}],"curies":[{"name":"wp","href":"https:\/\/api.w.org\/{rel}","templated":true}]}}