{"id":8813,"date":"2020-10-05T12:37:16","date_gmt":"2020-10-05T10:37:16","guid":{"rendered":"https:\/\/www.cibx.de\/?p=8813"},"modified":"2020-10-05T12:37:16","modified_gmt":"2020-10-05T10:37:16","slug":"fuer-jede-familie-die-passende-unterstuetzung-gewaehrleisten-interview-mit-der-demenzexpertin-andrea-stix","status":"publish","type":"post","link":"https:\/\/cibx.de\/en\/fuer-jede-familie-die-passende-unterstuetzung-gewaehrleisten-interview-mit-der-demenzexpertin-andrea-stix\/","title":{"rendered":"Interview mit der Demenzexpertin Andrea Stix"},"content":{"rendered":"<p>In unserem Interview erz\u00e4hlt die Demenzexpertin Andrea Stix \u00fcber ihre verschiedenen Arbeitsfelder, warum sie diesen Berufsweg eingeschlagen hat und gibt ein paar Tipps zum Umgang mit Menschen mit Demenz.<\/p>\n\n\n\n<h4 class=\"wp-block-heading\"><strong>Frau Stix, wie sind Sie dazu gekommen, Demenzexpertin zu werden?<\/strong><\/h4>\n\n\n\n<p>W\u00e4hrend meiner Ausbildung zur Lebens- und Sozialberaterin habe ich in Pflegeheimen Besuchsdienste absolviert. Dort bin ich erstmals aktiv mit Demenz in Ber\u00fchrung gekommen und in mir ist der Wunsch entstanden, mehr \u00fcber diese Krankheit zu erfahren. Ab diesem Zeitpunkt habe ich neben der Ausbildung zur Dipl. Morbus-Alzheimer-Trainerin auch viele Weiterbildungen rund um das Thema besucht (z.B. basale Stimulation, Validation) und schlie\u00dflich an der Donau-Uni Krems studiert.<\/p>\n\n\n\n<p>Die Krankheit ver\u00e4ndert das gesamte Familiensystem. Daher ist es mir pers\u00f6nlich wichtig, f\u00fcr jede Familie die passende Unterst\u00fctzung zu gew\u00e4hren. Deshalb bin ich zus\u00e4tzlich Dipl. Mental-, Intuitions- und Bewusstseinstrainerin und habe auch das Zertifikat der Trauer- und Sterbebegleitung.<\/p>\n\n\n\n<h4 class=\"wp-block-heading\"><strong>Welche pers\u00f6nlichen Eigenschaften sind wichtig in Ihrem Job?<\/strong><\/h4>\n\n\n\n<p>Ehrliches Interesse an den Menschen, jeder von ihnen ist einzigartig (es gibt keinen Menschen mit gleichem Krankheitsverlauf), Begegnung mit W\u00fcrde und Respekt, Kommunikation auf Augenh\u00f6he. Zusammengefasst: der Mensch, der mir gegen\u00fcbersitzt, ist in diesem Moment die wichtigste Person.<\/p>\n\n\n\n<h4 class=\"wp-block-heading\"><strong>Was motiviert Sie in Ihrem Job?<\/strong><\/h4>\n\n\n\n<p>In der Arbeit mit Menschen mit Demenz begegne ich vor allem einer reichen Lebenserfahrung und unterst\u00fctze die Personen, ihre vielf\u00e4ltigen Ressourcen zu nutzen. In der \u2013 manchmal jahrelangen \u2013 Begleitung gibt es immer Momente der Freude und dankbare Worte oder Blicke.<\/p>\n\n\n\n<p>Bei der Beratung von Angeh\u00f6rigen und dem Pflegepersonal gehe ich auf die individuellen Fragen im Umgang mit der Krankheit ein. Wenn es dann eine Weitempfehlung gibt, ist dies die sch\u00f6nste Form der Anerkennung meiner T\u00e4tigkeit.<\/p>\n\n\n\n<h4 class=\"wp-block-heading\"><strong>Glauben Sie, dass pflegende Angeh\u00f6rige genug unterst\u00fctzt werden? Wo sehen Sie einen Verbesserungsbedarf?<\/strong><\/h4>\n\n\n\n<p>Ich lebe und arbeite \u00fcberwiegend in \u00d6sterreich. Telefonische Beratungen, welche online auf meiner Homepage gebucht werden k\u00f6nnen, konnte ich aber auch schon mit Angeh\u00f6rigen aus Deutschland durchf\u00fchren.<\/p>\n\n\n\n<p>Ich glaube aber generell, dass Angeh\u00f6rige zu wenig Unterst\u00fctzung erhalten. Es gibt einfach zu wenig Entlastungsangebote wie bezahlte psychosoziale Begleitung, bezahlte Pflegefreistellung f\u00fcr berufst\u00e4tige Angeh\u00f6rige. Auszeiten sind kaum m\u00f6glich, da es an leistbaren, stundenweisen Besuchsdiensten mangelt.<\/p>\n\n\n\n<p>\u00dcberdies darf man nicht \u00fcbersehen, dass es auch Kinder gibt, die sich um ihre kranken Eltern sorgen. F\u00fcr sie braucht es unbedingt personelle und psychische Unterst\u00fctzung in jeder Form.<\/p>\n\n\n\n<h4 class=\"wp-block-heading\"><strong>Die Corona-Pandemie hat erhebliche Auswirkungen auf unsere Gesellschaft und u.a. auf das gesamte Gesundheitswesen. Welche Folgen hat sie Ihrer Meinung nach f\u00fcr die Pflege?<\/strong><strong><\/strong><\/h4>\n\n\n\n<p>Menschen, die in der Pflege arbeiten, leisten einen \u00fcberaus wertvollen und wichtigen Beitrag f\u00fcr unsere Gesellschaft. Leider hat auch Corona nicht dazu beigetragen, dass diese Berufsgruppe jene finanzielle Wertsch\u00e4tzung erh\u00e4lt, welche ihr aufgrund der Leistung zustehen w\u00fcrde.<\/p>\n\n\n\n<h4 class=\"wp-block-heading\"><strong>Welche Tipps k\u00f6nnen Sie Angeh\u00f6rigen zum Umgang mit Demenzkranken geben? <\/strong><strong><\/strong><\/h4>\n\n\n\n<p>Es gibt nicht das Rezept im Umgang mit der Krankheit. Jeder Mensch ist einzigartig und jeder Krankheitsverlauf individuell.<\/p>\n\n\n\n<p>Dennoch m\u00f6chte ich allen Angeh\u00f6rigen von Menschen mit Demenz ans Herz legen<\/p>\n\n\n\n<ul class=\"wp-block-list\">\n<li>sich \u00fcber die Krankheit zu informieren<\/li>\n\n\n\n<li>die Krankheit als solche zu akzeptieren und den Menschen dahinter nicht zu vergessen<\/li>\n\n\n\n<li>der erkrankten Person liebevoll und geduldig begegnen.<\/li>\n<\/ul>\n\n\n\n<h4 class=\"wp-block-heading\"><strong>Vielen Dank das Sie sich die Zeit f\u00fcr dieses Gespr\u00e4ch genommen haben!<\/strong><\/h4>\n\n\n\n<h4 class=\"wp-block-heading\"><strong>Zur Person<\/strong><\/h4>\n\n\n\n<p>So beschreibt Andrea Stix Ihre Berufung:<\/p>\n\n\n\n<p><em>\u201eIch darf Familien, in denen eine Person an Demenz erkrankt ist, begleiten. Jeder Tag ist einzigartig und vielf\u00e4ltig.<\/em><\/p>\n\n\n\n<p><em>Im lebendigen Austausch mit den Betroffenen kann ich so viele Ressourcen entdecken, so viel Herzlichkeit sp\u00fcren und darf von deren Lebensgeschichte lernen. In meiner monate- manchmal auch jahrelangen Begleitung auf Augenh\u00f6he steht Freude und positives Erleben im Vordergrund.<\/em><\/p>\n\n\n\n<p><em>Angeh\u00f6rige und andere Betreuungspersonen profitieren von diesen Erfahrungen aus meiner Praxis. Sie finden in mir eine Energie-Tankstelle, die mit viel Einf\u00fchlungsverm\u00f6gen auf die vorhandenen Bed\u00fcrfnisse eingeht und beim Beseitigen der schweren Belastungen unterst\u00fctzend zur Seite steht.\u201c<\/em><\/p>\n\n\n\n<p>Mehr Informationen finden Sie auf Andrea Stix Homepage: <a href=\"https:\/\/www.felix-demenzbegleitung.at\/\" target=\"_blank\" rel=\"noopener\">https:\/\/www.felix-demenzbegleitung.at\/<\/a><\/p>","protected":false},"excerpt":{"rendered":"<p>In unserem Interview erz\u00e4hlt die Demenzexpertin Andrea Stix \u00fcber ihre verschiedenen Arbeitsfelder, warum sie diesen Berufsweg eingeschlagen hat und gibt ein paar Tipps zum Umgang mit Menschen mit Demenz. Frau Stix, wie sind Sie dazu gekommen, Demenzexpertin zu werden? W\u00e4hrend meiner Ausbildung zur Lebens- und Sozialberaterin habe ich in Pflegeheimen Besuchsdienste absolviert. Dort bin ich [&hellip;]<\/p>\n","protected":false},"author":8,"featured_media":8820,"comment_status":"open","ping_status":"open","sticky":false,"template":"","format":"standard","meta":{"site-sidebar-layout":"default","site-content-layout":"","ast-site-content-layout":"default","site-content-style":"default","site-sidebar-style":"default","ast-global-header-display":"","ast-banner-title-visibility":"","ast-main-header-display":"","ast-hfb-above-header-display":"","ast-hfb-below-header-display":"","ast-hfb-mobile-header-display":"","site-post-title":"","ast-breadcrumbs-content":"","ast-featured-img":"","footer-sml-layout":"","ast-disable-related-posts":"","theme-transparent-header-meta":"","adv-header-id-meta":"","stick-header-meta":"","header-above-stick-meta":"","header-main-stick-meta":"","header-below-stick-meta":"","astra-migrate-meta-layouts":"default","ast-page-background-enabled":"default","ast-page-background-meta":{"desktop":{"background-color":"var(--ast-global-color-4)","background-image":"","background-repeat":"repeat","background-position":"center center","background-size":"auto","background-attachment":"scroll","background-type":"","background-media":"","overlay-type":"","overlay-color":"","overlay-opacity":"","overlay-gradient":""},"tablet":{"background-color":"","background-image":"","background-repeat":"repeat","background-position":"center center","background-size":"auto","background-attachment":"scroll","background-type":"","background-media":"","overlay-type":"","overlay-color":"","overlay-opacity":"","overlay-gradient":""},"mobile":{"background-color":"","background-image":"","background-repeat":"repeat","background-position":"center center","background-size":"auto","background-attachment":"scroll","background-type":"","background-media":"","overlay-type":"","overlay-color":"","overlay-opacity":"","overlay-gradient":""}},"ast-content-background-meta":{"desktop":{"background-color":"var(--ast-global-color-5)","background-image":"","background-repeat":"repeat","background-position":"center center","background-size":"auto","background-attachment":"scroll","background-type":"","background-media":"","overlay-type":"","overlay-color":"","overlay-opacity":"","overlay-gradient":""},"tablet":{"background-color":"var(--ast-global-color-5)","background-image":"","background-repeat":"repeat","background-position":"center center","background-size":"auto","background-attachment":"scroll","background-type":"","background-media":"","overlay-type":"","overlay-color":"","overlay-opacity":"","overlay-gradient":""},"mobile":{"background-color":"var(--ast-global-color-5)","background-image":"","background-repeat":"repeat","background-position":"center center","background-size":"auto","background-attachment":"scroll","background-type":"","background-media":"","overlay-type":"","overlay-color":"","overlay-opacity":"","overlay-gradient":""}},"_themeisle_gutenberg_block_has_review":false,"footnotes":""},"categories":[6],"tags":[108,122,473,370,32,144,474,345,239,41,281,404,242],"class_list":["post-8813","post","type-post","status-publish","format-standard","has-post-thumbnail","hentry","category-blog","tag-alzheimer","tag-angehoerige","tag-beratung","tag-coronavirus","tag-demenz","tag-demenzerkrankung","tag-demnzexpertin","tag-experte","tag-gesundheit","tag-gesundheitswesen","tag-interview","tag-pandemie","tag-pflege"],"_links":{"self":[{"href":"https:\/\/cibx.de\/en\/wp-json\/wp\/v2\/posts\/8813","targetHints":{"allow":["GET"]}}],"collection":[{"href":"https:\/\/cibx.de\/en\/wp-json\/wp\/v2\/posts"}],"about":[{"href":"https:\/\/cibx.de\/en\/wp-json\/wp\/v2\/types\/post"}],"author":[{"embeddable":true,"href":"https:\/\/cibx.de\/en\/wp-json\/wp\/v2\/users\/8"}],"replies":[{"embeddable":true,"href":"https:\/\/cibx.de\/en\/wp-json\/wp\/v2\/comments?post=8813"}],"version-history":[{"count":0,"href":"https:\/\/cibx.de\/en\/wp-json\/wp\/v2\/posts\/8813\/revisions"}],"wp:featuredmedia":[{"embeddable":true,"href":"https:\/\/cibx.de\/en\/wp-json\/"}],"wp:attachment":[{"href":"https:\/\/cibx.de\/en\/wp-json\/wp\/v2\/media?parent=8813"}],"wp:term":[{"taxonomy":"category","embeddable":true,"href":"https:\/\/cibx.de\/en\/wp-json\/wp\/v2\/categories?post=8813"},{"taxonomy":"post_tag","embeddable":true,"href":"https:\/\/cibx.de\/en\/wp-json\/wp\/v2\/tags?post=8813"}],"curies":[{"name":"wp","href":"https:\/\/api.w.org\/{rel}","templated":true}]}}