{"id":2223,"date":"2018-10-05T10:26:29","date_gmt":"2018-10-05T08:26:29","guid":{"rendered":"https:\/\/www.cibx.de\/?p=2223"},"modified":"2018-10-05T10:26:29","modified_gmt":"2018-10-05T08:26:29","slug":"demenz-welche-rechte-haben-betroffene-personen","status":"publish","type":"post","link":"https:\/\/cibx.de\/en\/demenz-welche-rechte-haben-betroffene-personen\/","title":{"rendered":"Demenz \u2013 Welche Rechte haben betroffene Personen?"},"content":{"rendered":"<div data-elementor-type=\"wp-post\" data-elementor-id=\"2223\" class=\"elementor elementor-2223\" data-elementor-post-type=\"post\">\n\t\t\t\t\t\t<section class=\"elementor-section elementor-top-section elementor-element elementor-element-18b674c5 elementor-section-boxed elementor-section-height-default elementor-section-height-default\" data-id=\"18b674c5\" data-element_type=\"section\" data-e-type=\"section\">\n\t\t\t\t\t\t<div class=\"elementor-container elementor-column-gap-default\">\n\t\t\t\t\t<div class=\"elementor-column elementor-col-100 elementor-top-column elementor-element elementor-element-6e961099\" data-id=\"6e961099\" data-element_type=\"column\" data-e-type=\"column\">\n\t\t\t<div class=\"elementor-widget-wrap elementor-element-populated\">\n\t\t\t\t\t\t<div class=\"elementor-element elementor-element-63b36cbf elementor-widget elementor-widget-text-editor\" data-id=\"63b36cbf\" data-element_type=\"widget\" data-e-type=\"widget\" data-widget_type=\"text-editor.default\">\n\t\t\t\t<div class=\"elementor-widget-container\">\n\t\t\t\t\t\t\t\t\t<p>Eine fortschreitende Demenz stellt Betroffene, Angeh\u00f6rige und das Pflegepersonal vor immer neue Herausforderungen. Die an Demenz Erkrankten sind im Laufe der Zeit immer weniger in der Lage ihre eigenen Handlungen zu kontrollieren. Ist dies der Fall entscheiden meistens der Ehepartner, die Kinder oder nahe Angeh\u00f6rige im Namen des Betroffenen. Vorher sollten Sie jedoch \u00fcberpr\u00fcfen, ob Sie \u00fcberhaupt dazu befugt sind im Name des Erkrankten zu handeln. Denn nur wer ein entsprechendes Vertretungsrecht hat darf rechtswirksam f\u00fcr eine andere Person entscheiden.<\/p>\n<h4>Wie erkenne ich, ob ich ein Vertretungsrecht habe?<\/h4>\n<p>Es gibt zwei M\u00f6glichkeiten, wie ein Vertretungsrecht erteilt werden kann:<\/p>\n<ol>\n<li>Die betroffene Person hat Sie als bevollm\u00e4chtigte Person schriftlich benannt.<\/li>\n<li>Das Gericht hat sie als rechtlichen Betreuer eingesetzt.<\/li>\n<\/ol>\n<p>Nur wenn eine der beiden M\u00f6glichkeiten zutrifft, d\u00fcrfen sie die Angelegenheiten ihrer kranken Angeh\u00f6rigen rechtswirksam in deren Sinn vertreten.<\/p>\n<h4>So fr\u00fch wie m\u00f6glich vorsorgen<\/h4>\n<p>F\u00fcr an Demenz erkrankte Personen ist es somit sehr wichtig so fr\u00fch wie m\u00f6glich die eigenen Vorstellungen und W\u00fcnsche zu formulieren und schriftlich festzuhalten, damit sie auch im weiteren Krankheitsverlauf selbstbestimmt und in W\u00fcrde altern d\u00fcrfen. Denn nur wer gesch\u00e4ftsf\u00e4hig ist darf eine solche Vollmacht ausstellen. Unterst\u00fctzt werden die Erkrankten dabei vom Grundgesetzt. Dieses gesteht jedem Mensch das Recht auf freie Entfaltung der Pers\u00f6nlichkeit \u2013 unbeeinflusst von der geistigen oder k\u00f6rperlichen F\u00e4higkeit zu. F\u00fcr Demenzkranke Personen und deren Angeh\u00f6rige bedeutet dies, das die betroffene Person bis zuletzt das Recht hat sein Leben nach den eigenen W\u00fcnschen und Vorstellungen zu gestallten. Einen ausf\u00fchrlichen <a href=\"https:\/\/shop.deutsche-alzheimer.de\/broschueren\/33\/ratgeber-rechtlichen-und-finanziellen-fragen\" target=\"_blank\" rel=\"noopener\">Ratgeber in rechtlichen und finanziellen Fragen<\/a> hat die Deutsche Alzheimer Gesellschaft herausgegeben.<\/p>\n<h4>Gegen den Willen des Patienten<\/h4>\n<p>In manchen F\u00e4llen kann auch gegen den Willen des Patienten eine Behandlung durchgef\u00fchrt werden. In solchen F\u00e4llen spricht man von einer <em>Zwangsbehandlung.<\/em> Da diese aber im erheblichen Ma\u00df in das Selbstbestimmungsrecht des Patienten eingreift, m\u00fcssen bestimmte gesetzliche Voraussetzungen erf\u00fcllt sein. Diese finden Sie im <a href=\"https:\/\/www.gesetze-im-internet.de\/bgb\/__1906.html\" target=\"_blank\" rel=\"noopener\">\u00a71906 des BGB<\/a>. Derzeit ist eine Zwangsbehandlung nur station\u00e4r und mit einem rechtlichen Betreuer m\u00f6glich.<\/p>\t\t\t\t\t\t\t\t<\/div>\n\t\t\t\t<\/div>\n\t\t\t\t\t<\/div>\n\t\t<\/div>\n\t\t\t\t\t<\/div>\n\t\t<\/section>\n\t\t\t\t<\/div>","protected":false},"excerpt":{"rendered":"<p>Eine fortschreitende Demenz stellt Betroffene, Angeh\u00f6rige und das Pflegepersonal vor immer neue Herausforderungen. Die an Demenz Erkrankten sind im Laufe der Zeit immer weniger in der Lage ihre eigenen Handlungen zu kontrollieren. Ist dies der Fall entscheiden meistens der Ehepartner, die Kinder oder nahe Angeh\u00f6rige im Namen des Betroffenen. Vorher sollten Sie jedoch \u00fcberpr\u00fcfen, ob [&hellip;]<\/p>\n","protected":false},"author":9,"featured_media":5189,"comment_status":"open","ping_status":"open","sticky":false,"template":"","format":"standard","meta":{"site-sidebar-layout":"default","site-content-layout":"","ast-site-content-layout":"default","site-content-style":"default","site-sidebar-style":"default","ast-global-header-display":"","ast-banner-title-visibility":"","ast-main-header-display":"","ast-hfb-above-header-display":"","ast-hfb-below-header-display":"","ast-hfb-mobile-header-display":"","site-post-title":"","ast-breadcrumbs-content":"","ast-featured-img":"","footer-sml-layout":"","ast-disable-related-posts":"","theme-transparent-header-meta":"","adv-header-id-meta":"","stick-header-meta":"","header-above-stick-meta":"","header-main-stick-meta":"","header-below-stick-meta":"","astra-migrate-meta-layouts":"default","ast-page-background-enabled":"default","ast-page-background-meta":{"desktop":{"background-color":"var(--ast-global-color-4)","background-image":"","background-repeat":"repeat","background-position":"center center","background-size":"auto","background-attachment":"scroll","background-type":"","background-media":"","overlay-type":"","overlay-color":"","overlay-opacity":"","overlay-gradient":""},"tablet":{"background-color":"","background-image":"","background-repeat":"repeat","background-position":"center center","background-size":"auto","background-attachment":"scroll","background-type":"","background-media":"","overlay-type":"","overlay-color":"","overlay-opacity":"","overlay-gradient":""},"mobile":{"background-color":"","background-image":"","background-repeat":"repeat","background-position":"center center","background-size":"auto","background-attachment":"scroll","background-type":"","background-media":"","overlay-type":"","overlay-color":"","overlay-opacity":"","overlay-gradient":""}},"ast-content-background-meta":{"desktop":{"background-color":"var(--ast-global-color-5)","background-image":"","background-repeat":"repeat","background-position":"center center","background-size":"auto","background-attachment":"scroll","background-type":"","background-media":"","overlay-type":"","overlay-color":"","overlay-opacity":"","overlay-gradient":""},"tablet":{"background-color":"var(--ast-global-color-5)","background-image":"","background-repeat":"repeat","background-position":"center center","background-size":"auto","background-attachment":"scroll","background-type":"","background-media":"","overlay-type":"","overlay-color":"","overlay-opacity":"","overlay-gradient":""},"mobile":{"background-color":"var(--ast-global-color-5)","background-image":"","background-repeat":"repeat","background-position":"center center","background-size":"auto","background-attachment":"scroll","background-type":"","background-media":"","overlay-type":"","overlay-color":"","overlay-opacity":"","overlay-gradient":""}},"_themeisle_gutenberg_block_has_review":false,"footnotes":""},"categories":[6],"tags":[114,32,115,116,117,118,119,120,121],"class_list":["post-2223","post","type-post","status-publish","format-standard","has-post-thumbnail","hentry","category-blog","tag-betreuer","tag-demenz","tag-grundgesetz","tag-ratgeber","tag-recht-auf-freie-entfaltung-der-persoenlichkeit","tag-rechte","tag-vormund","tag-vorsorge","tag-zwangsbehandlung"],"_links":{"self":[{"href":"https:\/\/cibx.de\/en\/wp-json\/wp\/v2\/posts\/2223","targetHints":{"allow":["GET"]}}],"collection":[{"href":"https:\/\/cibx.de\/en\/wp-json\/wp\/v2\/posts"}],"about":[{"href":"https:\/\/cibx.de\/en\/wp-json\/wp\/v2\/types\/post"}],"author":[{"embeddable":true,"href":"https:\/\/cibx.de\/en\/wp-json\/wp\/v2\/users\/9"}],"replies":[{"embeddable":true,"href":"https:\/\/cibx.de\/en\/wp-json\/wp\/v2\/comments?post=2223"}],"version-history":[{"count":0,"href":"https:\/\/cibx.de\/en\/wp-json\/wp\/v2\/posts\/2223\/revisions"}],"wp:featuredmedia":[{"embeddable":true,"href":"https:\/\/cibx.de\/en\/wp-json\/"}],"wp:attachment":[{"href":"https:\/\/cibx.de\/en\/wp-json\/wp\/v2\/media?parent=2223"}],"wp:term":[{"taxonomy":"category","embeddable":true,"href":"https:\/\/cibx.de\/en\/wp-json\/wp\/v2\/categories?post=2223"},{"taxonomy":"post_tag","embeddable":true,"href":"https:\/\/cibx.de\/en\/wp-json\/wp\/v2\/tags?post=2223"}],"curies":[{"name":"wp","href":"https:\/\/api.w.org\/{rel}","templated":true}]}}