{"id":10025,"date":"2021-01-21T11:44:18","date_gmt":"2021-01-21T10:44:18","guid":{"rendered":"https:\/\/www.cibx.de\/?p=10025"},"modified":"2021-01-21T11:44:18","modified_gmt":"2021-01-21T10:44:18","slug":"demenz-in-zeiten-des-coronavirus-interview-mit-demenzexpertin-andrea-stix","status":"publish","type":"post","link":"https:\/\/cibx.de\/en\/demenz-in-zeiten-des-coronavirus-interview-mit-demenzexpertin-andrea-stix\/","title":{"rendered":"Demenz in Corona-Zeiten \u2013 Interview mit Andrea Stix"},"content":{"rendered":"<p>Die Demenzexpertin Andrea Stix erz\u00e4hlt im Interview \u00fcber die Besonderheiten im Umgang mit dementen Personen in der aktuellen Corona-Situation und gibt ein paar Tipps f\u00fcr die Demenzbetreuung zu Hause.<\/p>\n\n\n\n<h4 class=\"wp-block-heading\">Frau Stix, viele Demenzkranke f\u00fchlen sich in der aktuellen Corona-Situation verunsichert und leiden deswegen darunter. Wie erkl\u00e4rt man einem Demenzerkranken die Situation rund um das Coronavirus?<\/h4>\n\n\n\n<p>Menschen mit beginnender Demenz entnehmen die Nachrichten aus Radio oder TV oder lesen noch selbst die Zeitung. Dennoch ist es wichtig, sich f\u00fcr alle Fragen, die von Ihnen gestellt werden, ausreichend Zeit zu nehmen und Ihnen das N\u00f6tigste mit verst\u00e4ndlichen Worten zu erkl\u00e4ren. Durch mehrmaliges liebevolles Erinnern an die Ma\u00dfnahmen, die eigene Vorbildwirkung und entsprechende Umorganisation des Alltags, z.B. Ged\u00e4chtnistraining daheim statt in der Tagesbetreuung, kann viel bewirkt werden.<\/p>\n\n\n\n<p>Menschen mit fortgeschrittener Demenz ben\u00f6tigen f\u00fcr ihren Alltag ohnehin Unterst\u00fctzung und leben meistens nicht mehr alleine. Aber auch hier sollten die Menschen mit einfachen Worten \u00fcber die wichtigsten Ma\u00dfnahmen informiert werden. Das ist Wertsch\u00e4tzung gegen\u00fcber der erkrankten Person und schafft Vertrauen.<\/p>\n\n\n\n<h4 class=\"wp-block-heading\">Was kann man tun, wenn die betreuende Person die Notwendigkeit der aktuellen Ma\u00dfnahmen zur Eind\u00e4mmung der Covid-19-Pandemie nicht versteht und z. B. keine Maske tragen will?<\/h4>\n\n\n\n<p>Da chronisch erkrankte Personen zu der \u201eHochrisiko\u201c-Gruppe geh\u00f6ren, sollten sie grunds\u00e4tzlich den Kontakt mit anderen Menschen (ausgenommen Betreuungspersonen) vermeiden.<\/p>\n\n\n\n<p>In allen geschlossenen R\u00e4umen (\u00c4rzte, \u00f6ffentliche Verkehrsmittel, Gesch\u00e4fte) ist verpflichtend eine MNS-Maske zu tragen. Viele wissen aber nicht, dass besondere Personengruppen von dieser Pflicht ausgenommen sind. Dazu z\u00e4hlen auch jene, denen aus gesundheitlichen Gr\u00fcnden das Tragen nicht zugemutet werden kann wie z.B. Menschen mit Demenz.<\/p>\n\n\n\n<p>Um aufgrund des fehlenden MNS Missverst\u00e4ndnisse oder Konflikte mit anderen Personen zu vermeiden, sollte aber immer ein Nachweis der Befreiung (Behindertenausweis oder Arztbest\u00e4tigung) mitgef\u00fchrt werden.<\/p>\n\n\n\n<p>Der normale MNS ist kein Eigenschutz, sondern dient vor allem dazu, andere Personen nicht anzustecken, falls man selbst schon den Virus in sich tr\u00e4gt. Insofern k\u00f6nnen Angeh\u00f6rige und Betreuer diesbez\u00fcglich aufatmen, wenn die erkrankte Person \u2013 trotz aller getroffenen Vorsichtsma\u00dfnahmen \u2013 die eigenen vier W\u00e4nde verl\u00e4sst. Wichtig ist in diesem Fall bei der R\u00fcckkehr die gr\u00fcndliche Reinigung der H\u00e4nde.<\/p>\n\n\n\n<h4 class=\"wp-block-heading\">Die Corona-Pandemie f\u00fchrt zu einem neuen Alltag f\u00fcr uns alle. Besonders schwer f\u00e4llt es Menschen mit Demenz, sich an neue Lebenssituation zu gew\u00f6hnen. Wie l\u00e4sst sich gemeinsame Freizeit w\u00e4hrend der Pandemie gestalten?<\/h4>\n\n\n\n<p>Wie bereits erw\u00e4hnt sollten nicht zu viele Menschen pers\u00f6nlich besuchen und begleiten. Wo noch m\u00f6glich kann \u00fcber Skype oder \u00fcber Telefon der Kontakt gehalten werden. Alternativ bietet sich auch an, Postkarten mit sch\u00f6nen Motiven und kurzen Texten zu senden und wer in der N\u00e4he wohnt, kann kleinere Pakete vor die T\u00fcr legen mit Dingen, welche den\/die erkrankte(n) Angeh\u00f6rige(n) erfreut.<\/p>\n\n\n\n<p>Jene Personen, die vor Ort begleiten, sollen auf einen gleichm\u00e4\u00dfigen Tagesablauf schauen. Dies gibt den Menschen Sicherheit und Geborgenheit. Soweit noch m\u00f6glich, k\u00f6nnen Menschen mit Demenz noch in die Alltagsaktivit\u00e4ten einbezogen werden. Ein gemeinsamer Spaziergang an der frischen Luft sorgt f\u00fcr k\u00f6rperliches und seelisches Wohlbefinden und bietet Abwechslung zu den vier W\u00e4nden. Wo dies nicht (mehr) m\u00f6glich ist, k\u00f6nnen auch kleine Bewegungseinheiten daheim durchgef\u00fchrt werden, wie z.B. \u00dcbungen mit einem kleinen Ball oder einfache Bewegungen zu schwungvoller Musik.<\/p>\n\n\n\n<p>Je nach F\u00e4higkeit und Interesse k\u00f6nnen Brett- oder Kartenspiele, gemeinsames Erinnern anhand von Fotos oder Gegenst\u00e4nden oder gemeinsames Singen von alten Schlagern und Volksliedern oder durchbl\u00e4ttern der Lieblingszeitschrift oder von Prospekten (Tiere, Blumen Werkzeug) den Alltag auflockern.<\/p>\n\n\n\n<h4 class=\"wp-block-heading\">Welche Tipps k\u00f6nnen Sie Betreuenden f\u00fcr den Umgang mit dem Demenzkranken in Corona-Zeiten geben?<\/h4>\n\n\n\n<p>Leben mehrere Personen im gemeinsamen Haushalt, dann die Betreuung und Begleitung von Menschen mit Demenz abwechselnd durchf\u00fchren.<\/p>\n\n\n\n<p>Wenn dies nicht der Fall ist, dann Ruhezeiten von der erkrankten Person f\u00fcr sich selbst n\u00fctzen, entweder einem Hobby nachgehen oder sich in einen anderen Raum zur\u00fcckziehen, wo man sich in seine Lieblingsmusik oder ein gutes Buch vertiefen kann oder \u2013 wenn es m\u00f6glich ist \u2013 bei einem Spaziergang wieder Kraft zu tanken.<\/p>\n\n\n\n<p>Telefonate mit Familienmitgliedern oder Freunden oder online-Angebote von Selbsthilfegruppen nutzen, um sich mit anderen auszutauschen. \u00dcberlegen, ob manche Dienste nicht ausgelagert werden k\u00f6nnen, z.B. Eink\u00e4ufe durch ehrenamtliche Mitarbeiter oder Nachbarn, Essen auf R\u00e4dern oder Zustelldienste der Gastronomie.<\/p>\n\n\n\n<h4 class=\"wp-block-heading\">Vielen Dank das Sie sich die Zeit f\u00fcr dieses Gespr\u00e4ch genommen haben!<\/h4>\n\n\n\n<h4 class=\"wp-block-heading\">Zur Person<\/h4>\n\n\n\n<p>So beschreibt Andrea Stix Ihre Berufung:<\/p>\n\n\n\n<p><em>\u201eIch darf Familien, in denen eine Person an Demenz erkrankt ist, begleiten. Jeder Tag ist einzigartig und vielf\u00e4ltig.<\/em><\/p>\n\n\n\n<p><em>Im lebendigen Austausch mit den Betroffenen kann ich so viele Ressourcen entdecken, so viel Herzlichkeit sp\u00fcren und darf von deren Lebensgeschichte lernen. In meiner monate- manchmal auch jahrelangen Begleitung auf Augenh\u00f6he steht Freude und positives Erleben im Vordergrund.<\/em><\/p>\n\n\n\n<p><em>Angeh\u00f6rige und andere Betreuungspersonen profitieren von diesen Erfahrungen aus meiner Praxis. Sie finden in mir eine Energie-Tankstelle, die mit viel Einf\u00fchlungsverm\u00f6gen auf die vorhandenen Bed\u00fcrfnisse eingeht und beim Beseitigen der schweren Belastungen unterst\u00fctzend zur Seite steht.\u201c<\/em><\/p>\n\n\n\n<p>Mehr Informationen finden Sie auf ihrer Homepage: <a href=\"https:\/\/www.felix-demenzbegleitung.at\/\" target=\"_blank\" rel=\"noopener\">https:\/\/www.felix-demenzbegleitung.at\/<\/a><\/p>\n\n\n\n<p><a href=\"https:\/\/cibx.de\/en\/fuer-jede-familie-die-passende-unterstuetzung-gewaehrleisten-interview-mit-der-demenzexpertin-andrea-stix\/\">Hier<\/a> k\u00f6nnen Sie mehr \u00fcber ihre T\u00e4tigkeit als Demenzexpertin nachlesen.<\/p>","protected":false},"excerpt":{"rendered":"<p>Die Demenzexpertin Andrea Stix erz\u00e4hlt im Interview \u00fcber die Besonderheiten im Umgang mit dementen Personen in der aktuellen Corona-Situation und gibt ein paar Tipps f\u00fcr die Demenzbetreuung zu Hause. Frau Stix, viele Demenzkranke f\u00fchlen sich in der aktuellen Corona-Situation verunsichert und leiden deswegen darunter. Wie erkl\u00e4rt man einem Demenzerkranken die Situation rund um das Coronavirus? [&hellip;]<\/p>\n","protected":false},"author":8,"featured_media":8820,"comment_status":"open","ping_status":"open","sticky":false,"template":"","format":"standard","meta":{"site-sidebar-layout":"default","site-content-layout":"","ast-site-content-layout":"default","site-content-style":"default","site-sidebar-style":"default","ast-global-header-display":"","ast-banner-title-visibility":"","ast-main-header-display":"","ast-hfb-above-header-display":"","ast-hfb-below-header-display":"","ast-hfb-mobile-header-display":"","site-post-title":"","ast-breadcrumbs-content":"","ast-featured-img":"","footer-sml-layout":"","ast-disable-related-posts":"","theme-transparent-header-meta":"","adv-header-id-meta":"","stick-header-meta":"","header-above-stick-meta":"","header-main-stick-meta":"","header-below-stick-meta":"","astra-migrate-meta-layouts":"default","ast-page-background-enabled":"default","ast-page-background-meta":{"desktop":{"background-color":"var(--ast-global-color-4)","background-image":"","background-repeat":"repeat","background-position":"center center","background-size":"auto","background-attachment":"scroll","background-type":"","background-media":"","overlay-type":"","overlay-color":"","overlay-opacity":"","overlay-gradient":""},"tablet":{"background-color":"","background-image":"","background-repeat":"repeat","background-position":"center center","background-size":"auto","background-attachment":"scroll","background-type":"","background-media":"","overlay-type":"","overlay-color":"","overlay-opacity":"","overlay-gradient":""},"mobile":{"background-color":"","background-image":"","background-repeat":"repeat","background-position":"center center","background-size":"auto","background-attachment":"scroll","background-type":"","background-media":"","overlay-type":"","overlay-color":"","overlay-opacity":"","overlay-gradient":""}},"ast-content-background-meta":{"desktop":{"background-color":"var(--ast-global-color-5)","background-image":"","background-repeat":"repeat","background-position":"center center","background-size":"auto","background-attachment":"scroll","background-type":"","background-media":"","overlay-type":"","overlay-color":"","overlay-opacity":"","overlay-gradient":""},"tablet":{"background-color":"var(--ast-global-color-5)","background-image":"","background-repeat":"repeat","background-position":"center center","background-size":"auto","background-attachment":"scroll","background-type":"","background-media":"","overlay-type":"","overlay-color":"","overlay-opacity":"","overlay-gradient":""},"mobile":{"background-color":"var(--ast-global-color-5)","background-image":"","background-repeat":"repeat","background-position":"center center","background-size":"auto","background-attachment":"scroll","background-type":"","background-media":"","overlay-type":"","overlay-color":"","overlay-opacity":"","overlay-gradient":""}},"_themeisle_gutenberg_block_has_review":false,"footnotes":""},"categories":[6],"tags":[108,122,375,533,383,370,379,534,32,144,515,477,404,242,535,536],"class_list":["post-10025","post","type-post","status-publish","format-standard","has-post-thumbnail","hentry","category-blog","tag-alzheimer","tag-angehoerige","tag-betreuung","tag-betreuungsperson","tag-coronakrise","tag-coronavirus","tag-covid-19","tag-dement","tag-demenz","tag-demenzerkrankung","tag-demenzkranke","tag-demenzrisiko","tag-pandemie","tag-pflege","tag-umgang","tag-unterstuetzung"],"_links":{"self":[{"href":"https:\/\/cibx.de\/en\/wp-json\/wp\/v2\/posts\/10025","targetHints":{"allow":["GET"]}}],"collection":[{"href":"https:\/\/cibx.de\/en\/wp-json\/wp\/v2\/posts"}],"about":[{"href":"https:\/\/cibx.de\/en\/wp-json\/wp\/v2\/types\/post"}],"author":[{"embeddable":true,"href":"https:\/\/cibx.de\/en\/wp-json\/wp\/v2\/users\/8"}],"replies":[{"embeddable":true,"href":"https:\/\/cibx.de\/en\/wp-json\/wp\/v2\/comments?post=10025"}],"version-history":[{"count":0,"href":"https:\/\/cibx.de\/en\/wp-json\/wp\/v2\/posts\/10025\/revisions"}],"wp:featuredmedia":[{"embeddable":true,"href":"https:\/\/cibx.de\/en\/wp-json\/"}],"wp:attachment":[{"href":"https:\/\/cibx.de\/en\/wp-json\/wp\/v2\/media?parent=10025"}],"wp:term":[{"taxonomy":"category","embeddable":true,"href":"https:\/\/cibx.de\/en\/wp-json\/wp\/v2\/categories?post=10025"},{"taxonomy":"post_tag","embeddable":true,"href":"https:\/\/cibx.de\/en\/wp-json\/wp\/v2\/tags?post=10025"}],"curies":[{"name":"wp","href":"https:\/\/api.w.org\/{rel}","templated":true}]}}